{"id":7413,"date":"2025-10-24T12:43:10","date_gmt":"2025-10-24T16:43:10","guid":{"rendered":"https:\/\/airex-energy.com\/?p=7413"},"modified":"2025-10-24T12:47:55","modified_gmt":"2025-10-24T16:47:55","slug":"nomination-airex-energie-accueille-jan-martin-leblanc-a-titre-de-vice-president-affaires-juridiques-et-avocat-general","status":"publish","type":"post","link":"https:\/\/airex-energy.com\/fr\/nomination-airex-energie-accueille-jan-martin-leblanc-a-titre-de-vice-president-affaires-juridiques-et-avocat-general\/","title":{"rendered":"Nomination : Airex \u00c9nergie accueille Jan-Martin LeBlanc \u00e0 titre de vice-pr\u00e9sident, Affaires juridiques et Avocat g\u00e9n\u00e9ral"},"content":{"rendered":"<p>Airex \u00c9nergie est fi\u00e8re d\u2019annoncer la nomination de M. Jan-Martin Leblanc au poste de vice-pr\u00e9sident, Affaires juridiques et Avocat g\u00e9n\u00e9ral. Avec un parcours remarquable alliant droit et ing\u00e9nierie, Jan-Martin apportera \u00e0 Airex \u00c9nergie une expertise strat\u00e9gique essentielle pour soutenir le d\u00e9veloppement de ses projets et de sa croissance.<\/p>\n<p>Titulaire d\u2019un baccalaur\u00e9at en g\u00e9nie de l\u2019\u00c9cole Polytechnique de Montr\u00e9al et d\u2019un baccalaur\u00e9at en droit de l\u2019Universit\u00e9 de Montr\u00e9al, Jan-Martin est membre du Barreau du Qu\u00e9bec depuis 2008. Cette double formation, \u00e0 la crois\u00e9e de la technique et du juridique, lui donne une compr\u00e9hension fine des enjeux industriels, r\u00e9glementaires et commerciaux propres au secteur des technologies propres, un atout majeur pour Airex \u00c9nergie.<\/p>\n<p>Avant de se joindre \u00e0 l\u2019\u00e9quipe, Jan-Martin occupait un poste de leadership chez Enerkem, o\u00f9 il a notamment dirig\u00e9 les activit\u00e9s de licences de technologies et de propri\u00e9t\u00e9 intellectuelle. Il y a supervis\u00e9 la n\u00e9gociation de contrats complexes en mati\u00e8re de licences technologiques, de partenariats industriels et de projets de d\u00e9veloppement conjoint, tout en pilotant les strat\u00e9gies de protection et de valorisation du savoir-faire technologique. Son exp\u00e9rience au sein de grands cabinets juridiques canadiens (McCarthy T\u00e9trault, Heenan Blaikie, Fraser Milner Casgrain) lui a \u00e9galement permis de d\u00e9velopper les comp\u00e9tences cl\u00e9s en droit des affaires et en encadrement juridique de projets industriels.<\/p>\n<blockquote><p>\u00ab <em>Gr\u00e2ce \u00e0 son profil unique, Jan-Martin contribuera \u00e0 renforcer la gouvernance, la gestion des risques et la strat\u00e9gie contractuelle d\u2019Airex \u00c9nergie, tout en soutenant nos ambitions de croissance durable <\/em> \u00bb &#8211; Michel Gagnon, Chef de la direction chez Airex \u00c9nergie.<\/p><\/blockquote>\n<p>Airex \u00c9nergie<br \/>\n21 octobre 2025<br \/>\n<a href=\"mailto:medias@airex-energie.com\" target=\"_blank\" rel=\"noopener\">medias@airex-energie.com <\/a><\/p>\n","protected":false},"excerpt":{"rendered":"<p>Airex \u00c9nergie est fi\u00e8re d\u2019annoncer la nomination de M. Jan-Martin Leblanc au poste de vice-pr\u00e9sident, Affaires juridiques et Avocat g\u00e9n\u00e9ral. Avec un parcours remarquable alliant droit et ing\u00e9nierie, Jan-Martin apportera \u00e0 Airex \u00c9nergie une expertise strat\u00e9gique essentielle pour soutenir le d\u00e9veloppement de ses projets et de sa croissance. Titulaire d\u2019un baccalaur\u00e9at en g\u00e9nie de l\u2019\u00c9cole [&hellip;]<\/p>\n","protected":false},"author":14,"featured_media":0,"comment_status":"closed","ping_status":"closed","sticky":false,"template":"","format":"standard","meta":{"_acf_changed":false,"footnotes":""},"categories":[7],"tags":[],"class_list":["post-7413","post","type-post","status-publish","format-standard","hentry","category-non-classifiee"],"acf":[],"yoast_head":"<!-- This site is optimized with the Yoast SEO plugin v27.2 - https:\/\/yoast.com\/product\/yoast-seo-wordpress\/ -->\n<title>Nomination : Airex \u00c9nergie accueille Jan-Martin LeBlanc \u00e0 titre de vice-pr\u00e9sident, Affaires juridiques et Avocat g\u00e9n\u00e9ral - Airex Energy<\/title>\n<meta name=\"robots\" content=\"index, follow, max-snippet:-1, max-image-preview:large, max-video-preview:-1\" \/>\n<link rel=\"canonical\" href=\"https:\/\/airex-energy.com\/fr\/nomination-airex-energie-accueille-jan-martin-leblanc-a-titre-de-vice-president-affaires-juridiques-et-avocat-general\/\" \/>\n<meta property=\"og:locale\" content=\"fr_FR\" \/>\n<meta property=\"og:type\" content=\"article\" \/>\n<meta property=\"og:title\" content=\"Nomination : Airex \u00c9nergie accueille Jan-Martin LeBlanc \u00e0 titre de vice-pr\u00e9sident, Affaires juridiques et Avocat g\u00e9n\u00e9ral - Airex Energy\" \/>\n<meta property=\"og:description\" content=\"Airex \u00c9nergie est fi\u00e8re d\u2019annoncer la nomination de M. Jan-Martin Leblanc au poste de vice-pr\u00e9sident, Affaires juridiques et Avocat g\u00e9n\u00e9ral. Avec un parcours remarquable alliant droit et ing\u00e9nierie, Jan-Martin apportera \u00e0 Airex \u00c9nergie une expertise strat\u00e9gique essentielle pour soutenir le d\u00e9veloppement de ses projets et de sa croissance. Titulaire d\u2019un baccalaur\u00e9at en g\u00e9nie de l\u2019\u00c9cole [&hellip;]\" \/>\n<meta property=\"og:url\" content=\"https:\/\/airex-energy.com\/fr\/nomination-airex-energie-accueille-jan-martin-leblanc-a-titre-de-vice-president-affaires-juridiques-et-avocat-general\/\" \/>\n<meta property=\"og:site_name\" content=\"Airex Energy\" \/>\n<meta property=\"article:published_time\" content=\"2025-10-24T16:43:10+00:00\" \/>\n<meta property=\"article:modified_time\" content=\"2025-10-24T16:47:55+00:00\" \/>\n<meta property=\"og:image\" content=\"https:\/\/airex-energy.com\/wp-content\/uploads\/2022\/12\/OG-Image.jpg\" \/>\n\t<meta property=\"og:image:width\" content=\"1200\" \/>\n\t<meta property=\"og:image:height\" content=\"630\" \/>\n\t<meta property=\"og:image:type\" content=\"image\/jpeg\" \/>\n<meta name=\"author\" content=\"gchartrand@airex-energie.com\" \/>\n<meta name=\"twitter:card\" content=\"summary_large_image\" \/>\n<script type=\"application\/ld+json\" class=\"yoast-schema-graph\">{\"@context\":\"https:\/\/schema.org\",\"@graph\":[{\"@type\":\"Article\",\"@id\":\"https:\/\/airex-energy.com\/fr\/nomination-airex-energie-accueille-jan-martin-leblanc-a-titre-de-vice-president-affaires-juridiques-et-avocat-general\/#article\",\"isPartOf\":{\"@id\":\"https:\/\/airex-energy.com\/fr\/nomination-airex-energie-accueille-jan-martin-leblanc-a-titre-de-vice-president-affaires-juridiques-et-avocat-general\/\"},\"author\":{\"name\":\"gchartrand@airex-energie.com\",\"@id\":\"https:\/\/airex-energy.com\/fr\/#\/schema\/person\/33f8193032b92f65d636d27d0b3c1723\"},\"headline\":\"Nomination : Airex \u00c9nergie accueille Jan-Martin LeBlanc \u00e0 titre de vice-pr\u00e9sident, Affaires juridiques et Avocat g\u00e9n\u00e9ral\",\"datePublished\":\"2025-10-24T16:43:10+00:00\",\"dateModified\":\"2025-10-24T16:47:55+00:00\",\"mainEntityOfPage\":{\"@id\":\"https:\/\/airex-energy.com\/fr\/nomination-airex-energie-accueille-jan-martin-leblanc-a-titre-de-vice-president-affaires-juridiques-et-avocat-general\/\"},\"wordCount\":304,\"publisher\":{\"@id\":\"https:\/\/airex-energy.com\/fr\/#organization\"},\"articleSection\":[\"Non classifi\u00e9(e)\"],\"inLanguage\":\"fr-FR\"},{\"@type\":\"WebPage\",\"@id\":\"https:\/\/airex-energy.com\/fr\/nomination-airex-energie-accueille-jan-martin-leblanc-a-titre-de-vice-president-affaires-juridiques-et-avocat-general\/\",\"url\":\"https:\/\/airex-energy.com\/fr\/nomination-airex-energie-accueille-jan-martin-leblanc-a-titre-de-vice-president-affaires-juridiques-et-avocat-general\/\",\"name\":\"Nomination : Airex \u00c9nergie accueille Jan-Martin LeBlanc \u00e0 titre de vice-pr\u00e9sident, Affaires juridiques et Avocat g\u00e9n\u00e9ral - Airex Energy\",\"isPartOf\":{\"@id\":\"https:\/\/airex-energy.com\/fr\/#website\"},\"datePublished\":\"2025-10-24T16:43:10+00:00\",\"dateModified\":\"2025-10-24T16:47:55+00:00\",\"breadcrumb\":{\"@id\":\"https:\/\/airex-energy.com\/fr\/nomination-airex-energie-accueille-jan-martin-leblanc-a-titre-de-vice-president-affaires-juridiques-et-avocat-general\/#breadcrumb\"},\"inLanguage\":\"fr-FR\",\"potentialAction\":[{\"@type\":\"ReadAction\",\"target\":[\"https:\/\/airex-energy.com\/fr\/nomination-airex-energie-accueille-jan-martin-leblanc-a-titre-de-vice-president-affaires-juridiques-et-avocat-general\/\"]}]},{\"@type\":\"BreadcrumbList\",\"@id\":\"https:\/\/airex-energy.com\/fr\/nomination-airex-energie-accueille-jan-martin-leblanc-a-titre-de-vice-president-affaires-juridiques-et-avocat-general\/#breadcrumb\",\"itemListElement\":[{\"@type\":\"ListItem\",\"position\":1,\"name\":\"Home\",\"item\":\"https:\/\/airex-energy.com\/fr\/\"},{\"@type\":\"ListItem\",\"position\":2,\"name\":\"Nomination : Airex \u00c9nergie accueille Jan-Martin LeBlanc \u00e0 titre de vice-pr\u00e9sident, Affaires juridiques et Avocat g\u00e9n\u00e9ral\"}]},{\"@type\":\"WebSite\",\"@id\":\"https:\/\/airex-energy.com\/fr\/#website\",\"url\":\"https:\/\/airex-energy.com\/fr\/\",\"name\":\"Airex Energy\",\"description\":\"\",\"publisher\":{\"@id\":\"https:\/\/airex-energy.com\/fr\/#organization\"},\"potentialAction\":[{\"@type\":\"SearchAction\",\"target\":{\"@type\":\"EntryPoint\",\"urlTemplate\":\"https:\/\/airex-energy.com\/fr\/?s={search_term_string}\"},\"query-input\":{\"@type\":\"PropertyValueSpecification\",\"valueRequired\":true,\"valueName\":\"search_term_string\"}}],\"inLanguage\":\"fr-FR\"},{\"@type\":\"Organization\",\"@id\":\"https:\/\/airex-energy.com\/fr\/#organization\",\"name\":\"Airex Energy\",\"url\":\"https:\/\/airex-energy.com\/fr\/\",\"logo\":{\"@type\":\"ImageObject\",\"inLanguage\":\"fr-FR\",\"@id\":\"https:\/\/airex-energy.com\/fr\/#\/schema\/logo\/image\/\",\"url\":\"https:\/\/airex-energy.com\/wp-content\/uploads\/2023\/06\/LOGO_Airex_WhiteBG.svg\",\"contentUrl\":\"https:\/\/airex-energy.com\/wp-content\/uploads\/2023\/06\/LOGO_Airex_WhiteBG.svg\",\"width\":1,\"height\":1,\"caption\":\"Airex Energy\"},\"image\":{\"@id\":\"https:\/\/airex-energy.com\/fr\/#\/schema\/logo\/image\/\"},\"sameAs\":[\"https:\/\/ca.linkedin.com\/company\/airex-energy\"]},{\"@type\":\"Person\",\"@id\":\"https:\/\/airex-energy.com\/fr\/#\/schema\/person\/33f8193032b92f65d636d27d0b3c1723\",\"name\":\"gchartrand@airex-energie.com\"}]}<\/script>\n<!-- \/ Yoast SEO plugin. -->","yoast_head_json":{"title":"Nomination : Airex \u00c9nergie accueille Jan-Martin LeBlanc \u00e0 titre de vice-pr\u00e9sident, Affaires juridiques et Avocat g\u00e9n\u00e9ral - Airex Energy","robots":{"index":"index","follow":"follow","max-snippet":"max-snippet:-1","max-image-preview":"max-image-preview:large","max-video-preview":"max-video-preview:-1"},"canonical":"https:\/\/airex-energy.com\/fr\/nomination-airex-energie-accueille-jan-martin-leblanc-a-titre-de-vice-president-affaires-juridiques-et-avocat-general\/","og_locale":"fr_FR","og_type":"article","og_title":"Nomination : Airex \u00c9nergie accueille Jan-Martin LeBlanc \u00e0 titre de vice-pr\u00e9sident, Affaires juridiques et Avocat g\u00e9n\u00e9ral - Airex Energy","og_description":"Airex \u00c9nergie est fi\u00e8re d\u2019annoncer la nomination de M. Jan-Martin Leblanc au poste de vice-pr\u00e9sident, Affaires juridiques et Avocat g\u00e9n\u00e9ral. Avec un parcours remarquable alliant droit et ing\u00e9nierie, Jan-Martin apportera \u00e0 Airex \u00c9nergie une expertise strat\u00e9gique essentielle pour soutenir le d\u00e9veloppement de ses projets et de sa croissance. Titulaire d\u2019un baccalaur\u00e9at en g\u00e9nie de l\u2019\u00c9cole [&hellip;]","og_url":"https:\/\/airex-energy.com\/fr\/nomination-airex-energie-accueille-jan-martin-leblanc-a-titre-de-vice-president-affaires-juridiques-et-avocat-general\/","og_site_name":"Airex Energy","article_published_time":"2025-10-24T16:43:10+00:00","article_modified_time":"2025-10-24T16:47:55+00:00","og_image":[{"width":1200,"height":630,"url":"https:\/\/airex-energy.com\/wp-content\/uploads\/2022\/12\/OG-Image.jpg","type":"image\/jpeg"}],"author":"gchartrand@airex-energie.com","twitter_card":"summary_large_image","schema":{"@context":"https:\/\/schema.org","@graph":[{"@type":"Article","@id":"https:\/\/airex-energy.com\/fr\/nomination-airex-energie-accueille-jan-martin-leblanc-a-titre-de-vice-president-affaires-juridiques-et-avocat-general\/#article","isPartOf":{"@id":"https:\/\/airex-energy.com\/fr\/nomination-airex-energie-accueille-jan-martin-leblanc-a-titre-de-vice-president-affaires-juridiques-et-avocat-general\/"},"author":{"name":"gchartrand@airex-energie.com","@id":"https:\/\/airex-energy.com\/fr\/#\/schema\/person\/33f8193032b92f65d636d27d0b3c1723"},"headline":"Nomination : Airex \u00c9nergie accueille Jan-Martin LeBlanc \u00e0 titre de vice-pr\u00e9sident, Affaires juridiques et Avocat g\u00e9n\u00e9ral","datePublished":"2025-10-24T16:43:10+00:00","dateModified":"2025-10-24T16:47:55+00:00","mainEntityOfPage":{"@id":"https:\/\/airex-energy.com\/fr\/nomination-airex-energie-accueille-jan-martin-leblanc-a-titre-de-vice-president-affaires-juridiques-et-avocat-general\/"},"wordCount":304,"publisher":{"@id":"https:\/\/airex-energy.com\/fr\/#organization"},"articleSection":["Non classifi\u00e9(e)"],"inLanguage":"fr-FR"},{"@type":"WebPage","@id":"https:\/\/airex-energy.com\/fr\/nomination-airex-energie-accueille-jan-martin-leblanc-a-titre-de-vice-president-affaires-juridiques-et-avocat-general\/","url":"https:\/\/airex-energy.com\/fr\/nomination-airex-energie-accueille-jan-martin-leblanc-a-titre-de-vice-president-affaires-juridiques-et-avocat-general\/","name":"Nomination : Airex \u00c9nergie accueille Jan-Martin LeBlanc \u00e0 titre de vice-pr\u00e9sident, Affaires juridiques et Avocat g\u00e9n\u00e9ral - Airex Energy","isPartOf":{"@id":"https:\/\/airex-energy.com\/fr\/#website"},"datePublished":"2025-10-24T16:43:10+00:00","dateModified":"2025-10-24T16:47:55+00:00","breadcrumb":{"@id":"https:\/\/airex-energy.com\/fr\/nomination-airex-energie-accueille-jan-martin-leblanc-a-titre-de-vice-president-affaires-juridiques-et-avocat-general\/#breadcrumb"},"inLanguage":"fr-FR","potentialAction":[{"@type":"ReadAction","target":["https:\/\/airex-energy.com\/fr\/nomination-airex-energie-accueille-jan-martin-leblanc-a-titre-de-vice-president-affaires-juridiques-et-avocat-general\/"]}]},{"@type":"BreadcrumbList","@id":"https:\/\/airex-energy.com\/fr\/nomination-airex-energie-accueille-jan-martin-leblanc-a-titre-de-vice-president-affaires-juridiques-et-avocat-general\/#breadcrumb","itemListElement":[{"@type":"ListItem","position":1,"name":"Home","item":"https:\/\/airex-energy.com\/fr\/"},{"@type":"ListItem","position":2,"name":"Nomination : Airex \u00c9nergie accueille Jan-Martin LeBlanc \u00e0 titre de vice-pr\u00e9sident, Affaires juridiques et Avocat g\u00e9n\u00e9ral"}]},{"@type":"WebSite","@id":"https:\/\/airex-energy.com\/fr\/#website","url":"https:\/\/airex-energy.com\/fr\/","name":"Airex Energy","description":"","publisher":{"@id":"https:\/\/airex-energy.com\/fr\/#organization"},"potentialAction":[{"@type":"SearchAction","target":{"@type":"EntryPoint","urlTemplate":"https:\/\/airex-energy.com\/fr\/?s={search_term_string}"},"query-input":{"@type":"PropertyValueSpecification","valueRequired":true,"valueName":"search_term_string"}}],"inLanguage":"fr-FR"},{"@type":"Organization","@id":"https:\/\/airex-energy.com\/fr\/#organization","name":"Airex Energy","url":"https:\/\/airex-energy.com\/fr\/","logo":{"@type":"ImageObject","inLanguage":"fr-FR","@id":"https:\/\/airex-energy.com\/fr\/#\/schema\/logo\/image\/","url":"https:\/\/airex-energy.com\/wp-content\/uploads\/2023\/06\/LOGO_Airex_WhiteBG.svg","contentUrl":"https:\/\/airex-energy.com\/wp-content\/uploads\/2023\/06\/LOGO_Airex_WhiteBG.svg","width":1,"height":1,"caption":"Airex Energy"},"image":{"@id":"https:\/\/airex-energy.com\/fr\/#\/schema\/logo\/image\/"},"sameAs":["https:\/\/ca.linkedin.com\/company\/airex-energy"]},{"@type":"Person","@id":"https:\/\/airex-energy.com\/fr\/#\/schema\/person\/33f8193032b92f65d636d27d0b3c1723","name":"gchartrand@airex-energie.com"}]}},"_links":{"self":[{"href":"https:\/\/airex-energy.com\/fr\/wp-json\/wp\/v2\/posts\/7413","targetHints":{"allow":["GET"]}}],"collection":[{"href":"https:\/\/airex-energy.com\/fr\/wp-json\/wp\/v2\/posts"}],"about":[{"href":"https:\/\/airex-energy.com\/fr\/wp-json\/wp\/v2\/types\/post"}],"author":[{"embeddable":true,"href":"https:\/\/airex-energy.com\/fr\/wp-json\/wp\/v2\/users\/14"}],"replies":[{"embeddable":true,"href":"https:\/\/airex-energy.com\/fr\/wp-json\/wp\/v2\/comments?post=7413"}],"version-history":[{"count":10,"href":"https:\/\/airex-energy.com\/fr\/wp-json\/wp\/v2\/posts\/7413\/revisions"}],"predecessor-version":[{"id":7430,"href":"https:\/\/airex-energy.com\/fr\/wp-json\/wp\/v2\/posts\/7413\/revisions\/7430"}],"wp:attachment":[{"href":"https:\/\/airex-energy.com\/fr\/wp-json\/wp\/v2\/media?parent=7413"}],"wp:term":[{"taxonomy":"category","embeddable":true,"href":"https:\/\/airex-energy.com\/fr\/wp-json\/wp\/v2\/categories?post=7413"},{"taxonomy":"post_tag","embeddable":true,"href":"https:\/\/airex-energy.com\/fr\/wp-json\/wp\/v2\/tags?post=7413"}],"curies":[{"name":"wp","href":"https:\/\/api.w.org\/{rel}","templated":true}]}}