{"id":6967,"date":"2025-10-02T14:29:10","date_gmt":"2025-10-02T18:29:10","guid":{"rendered":"https:\/\/airex-energy.com\/?p=6967"},"modified":"2025-10-02T15:58:17","modified_gmt":"2025-10-02T19:58:17","slug":"nomination-philippe-cantin-rejoint-airex-energie-a-titre-de-chef-de-la-direction-financiere","status":"publish","type":"post","link":"https:\/\/airex-energy.com\/fr\/nomination-philippe-cantin-rejoint-airex-energie-a-titre-de-chef-de-la-direction-financiere\/","title":{"rendered":"Nomination : Philippe Cantin rejoint Airex \u00c9nergie \u00e0 titre de Chef de la direction financi\u00e8re"},"content":{"rendered":"<p>Airex \u00c9nergie est fi\u00e8re d\u2019annoncer la nomination de Philippe Cantin au sein de son \u00e9quipe de direction. Philippe prendra le r\u00f4le de Chef de la direction financi\u00e8re suite au d\u00e9part \u00e0 la retraite de son pr\u00e9d\u00e9cesseur, Luc Veilleux.<\/p>\n<p>Avant de se joindre \u00e0 Airex \u00c9nergie, Philippe a pass\u00e9 plus de huit ans chez Enerkem comme vice-pr\u00e9sident, Finance d\u2019entreprise et relations avec les investisseurs, o\u00f9 notamment il a jou\u00e9 un r\u00f4le cl\u00e9 dans les lev\u00e9es de fonds et le financement des projets de l\u2019entreprise. Pr\u00e9c\u00e9demment, Philippe a travaill\u00e9 \u00e0 la Banque Scotia comme banquier d\u2019investissement pendant plus de 12 ans.<\/p>\n<p>Fort de cette double expertise \u2013 en financement d\u2019entreprise et dans le secteur de la d\u00e9carbonation \u2013 Philippe arrive \u00e0 un moment cl\u00e9 pour Airex \u00c9nergie. Initialement positionn\u00e9e comme fournisseur de solutions technologiques pour la d\u00e9carbonation des industries, la soci\u00e9t\u00e9 op\u00e8re aujourd\u2019hui avec un mod\u00e8le d\u2019affaires bonifi\u00e9 ax\u00e9e sur le d\u00e9ploiement de projets industriels avec des partenaires strat\u00e9giques.<\/p>\n<blockquote><p>\u00ab <em>Nous sommes ravis d\u2019accueillir Philippe au sein de notre \u00e9quipe de direction. La d\u00e9monstration de nos solutions technologiques \u00e9tant accomplie, nous sommes d\u00e9sormais dans une phase de consolidation et d\u2019acc\u00e9l\u00e9ration de plusieurs projets, ici et ailleurs dans le monde. Son exp\u00e9rience et sa vision strat\u00e9gique vont jouer un r\u00f4le d\u00e9terminant pour soutenir l\u2019\u00e9quipe dans la prochaine phase de croissance et dans l\u2019atteinte de nos objectifs ambitieux<\/em> \u00bb, a d\u00e9clar\u00e9 Michel Gagnon, Chef de la direction.<\/p><\/blockquote>\n<p>Philippe d\u00e9tient un baccalaur\u00e9at en commerce, avec une majeure en finance de l\u2019Universit\u00e9 McGill.<\/p>\n<p>Airex \u00c9nergie, 2 octobre 2025, <a href=\"mailto:medias@airex-energie.com\" target=\"_blank\">medias@airex-energie.com<\/a><\/p>\n","protected":false},"excerpt":{"rendered":"<p>Airex \u00c9nergie est fi\u00e8re d\u2019annoncer la nomination de Philippe Cantin au sein de son \u00e9quipe de direction. Philippe prendra le r\u00f4le de Chef de la direction financi\u00e8re suite au d\u00e9part \u00e0 la retraite de son pr\u00e9d\u00e9cesseur, Luc Veilleux. Avant de se joindre \u00e0 Airex \u00c9nergie, Philippe a pass\u00e9 plus de huit ans chez Enerkem comme [&hellip;]<\/p>\n","protected":false},"author":14,"featured_media":0,"comment_status":"closed","ping_status":"closed","sticky":false,"template":"","format":"standard","meta":{"_acf_changed":false,"footnotes":""},"categories":[7],"tags":[],"class_list":["post-6967","post","type-post","status-publish","format-standard","hentry","category-non-classifiee"],"acf":[],"yoast_head":"<!-- This site is optimized with the Yoast SEO plugin v27.2 - https:\/\/yoast.com\/product\/yoast-seo-wordpress\/ -->\n<title>Nomination : Philippe Cantin rejoint Airex \u00c9nergie \u00e0 titre de Chef de la direction financi\u00e8re - Airex Energy<\/title>\n<meta name=\"robots\" content=\"index, follow, max-snippet:-1, max-image-preview:large, max-video-preview:-1\" \/>\n<link rel=\"canonical\" href=\"https:\/\/airex-energy.com\/fr\/nomination-philippe-cantin-rejoint-airex-energie-a-titre-de-chef-de-la-direction-financiere\/\" \/>\n<meta property=\"og:locale\" content=\"fr_FR\" \/>\n<meta property=\"og:type\" content=\"article\" \/>\n<meta property=\"og:title\" content=\"Nomination : Philippe Cantin rejoint Airex \u00c9nergie \u00e0 titre de Chef de la direction financi\u00e8re - Airex Energy\" \/>\n<meta property=\"og:description\" content=\"Airex \u00c9nergie est fi\u00e8re d\u2019annoncer la nomination de Philippe Cantin au sein de son \u00e9quipe de direction. Philippe prendra le r\u00f4le de Chef de la direction financi\u00e8re suite au d\u00e9part \u00e0 la retraite de son pr\u00e9d\u00e9cesseur, Luc Veilleux. Avant de se joindre \u00e0 Airex \u00c9nergie, Philippe a pass\u00e9 plus de huit ans chez Enerkem comme [&hellip;]\" \/>\n<meta property=\"og:url\" content=\"https:\/\/airex-energy.com\/fr\/nomination-philippe-cantin-rejoint-airex-energie-a-titre-de-chef-de-la-direction-financiere\/\" \/>\n<meta property=\"og:site_name\" content=\"Airex Energy\" \/>\n<meta property=\"article:published_time\" content=\"2025-10-02T18:29:10+00:00\" \/>\n<meta property=\"article:modified_time\" content=\"2025-10-02T19:58:17+00:00\" \/>\n<meta property=\"og:image\" content=\"https:\/\/airex-energy.com\/wp-content\/uploads\/2022\/12\/OG-Image.jpg\" \/>\n\t<meta property=\"og:image:width\" content=\"1200\" \/>\n\t<meta property=\"og:image:height\" content=\"630\" \/>\n\t<meta property=\"og:image:type\" content=\"image\/jpeg\" \/>\n<meta name=\"author\" content=\"gchartrand@airex-energie.com\" \/>\n<meta name=\"twitter:card\" content=\"summary_large_image\" \/>\n<script type=\"application\/ld+json\" class=\"yoast-schema-graph\">{\"@context\":\"https:\/\/schema.org\",\"@graph\":[{\"@type\":\"Article\",\"@id\":\"https:\/\/airex-energy.com\/fr\/nomination-philippe-cantin-rejoint-airex-energie-a-titre-de-chef-de-la-direction-financiere\/#article\",\"isPartOf\":{\"@id\":\"https:\/\/airex-energy.com\/fr\/nomination-philippe-cantin-rejoint-airex-energie-a-titre-de-chef-de-la-direction-financiere\/\"},\"author\":{\"name\":\"gchartrand@airex-energie.com\",\"@id\":\"https:\/\/airex-energy.com\/fr\/#\/schema\/person\/33f8193032b92f65d636d27d0b3c1723\"},\"headline\":\"Nomination : Philippe Cantin rejoint Airex \u00c9nergie \u00e0 titre de Chef de la direction financi\u00e8re\",\"datePublished\":\"2025-10-02T18:29:10+00:00\",\"dateModified\":\"2025-10-02T19:58:17+00:00\",\"mainEntityOfPage\":{\"@id\":\"https:\/\/airex-energy.com\/fr\/nomination-philippe-cantin-rejoint-airex-energie-a-titre-de-chef-de-la-direction-financiere\/\"},\"wordCount\":301,\"publisher\":{\"@id\":\"https:\/\/airex-energy.com\/fr\/#organization\"},\"articleSection\":[\"Non classifi\u00e9(e)\"],\"inLanguage\":\"fr-FR\"},{\"@type\":\"WebPage\",\"@id\":\"https:\/\/airex-energy.com\/fr\/nomination-philippe-cantin-rejoint-airex-energie-a-titre-de-chef-de-la-direction-financiere\/\",\"url\":\"https:\/\/airex-energy.com\/fr\/nomination-philippe-cantin-rejoint-airex-energie-a-titre-de-chef-de-la-direction-financiere\/\",\"name\":\"Nomination : Philippe Cantin rejoint Airex \u00c9nergie \u00e0 titre de Chef de la direction financi\u00e8re - Airex Energy\",\"isPartOf\":{\"@id\":\"https:\/\/airex-energy.com\/fr\/#website\"},\"datePublished\":\"2025-10-02T18:29:10+00:00\",\"dateModified\":\"2025-10-02T19:58:17+00:00\",\"breadcrumb\":{\"@id\":\"https:\/\/airex-energy.com\/fr\/nomination-philippe-cantin-rejoint-airex-energie-a-titre-de-chef-de-la-direction-financiere\/#breadcrumb\"},\"inLanguage\":\"fr-FR\",\"potentialAction\":[{\"@type\":\"ReadAction\",\"target\":[\"https:\/\/airex-energy.com\/fr\/nomination-philippe-cantin-rejoint-airex-energie-a-titre-de-chef-de-la-direction-financiere\/\"]}]},{\"@type\":\"BreadcrumbList\",\"@id\":\"https:\/\/airex-energy.com\/fr\/nomination-philippe-cantin-rejoint-airex-energie-a-titre-de-chef-de-la-direction-financiere\/#breadcrumb\",\"itemListElement\":[{\"@type\":\"ListItem\",\"position\":1,\"name\":\"Home\",\"item\":\"https:\/\/airex-energy.com\/fr\/\"},{\"@type\":\"ListItem\",\"position\":2,\"name\":\"Nomination : Philippe Cantin rejoint Airex \u00c9nergie \u00e0 titre de Chef de la direction financi\u00e8re\"}]},{\"@type\":\"WebSite\",\"@id\":\"https:\/\/airex-energy.com\/fr\/#website\",\"url\":\"https:\/\/airex-energy.com\/fr\/\",\"name\":\"Airex Energy\",\"description\":\"\",\"publisher\":{\"@id\":\"https:\/\/airex-energy.com\/fr\/#organization\"},\"potentialAction\":[{\"@type\":\"SearchAction\",\"target\":{\"@type\":\"EntryPoint\",\"urlTemplate\":\"https:\/\/airex-energy.com\/fr\/?s={search_term_string}\"},\"query-input\":{\"@type\":\"PropertyValueSpecification\",\"valueRequired\":true,\"valueName\":\"search_term_string\"}}],\"inLanguage\":\"fr-FR\"},{\"@type\":\"Organization\",\"@id\":\"https:\/\/airex-energy.com\/fr\/#organization\",\"name\":\"Airex Energy\",\"url\":\"https:\/\/airex-energy.com\/fr\/\",\"logo\":{\"@type\":\"ImageObject\",\"inLanguage\":\"fr-FR\",\"@id\":\"https:\/\/airex-energy.com\/fr\/#\/schema\/logo\/image\/\",\"url\":\"https:\/\/airex-energy.com\/wp-content\/uploads\/2023\/06\/LOGO_Airex_WhiteBG.svg\",\"contentUrl\":\"https:\/\/airex-energy.com\/wp-content\/uploads\/2023\/06\/LOGO_Airex_WhiteBG.svg\",\"width\":1,\"height\":1,\"caption\":\"Airex Energy\"},\"image\":{\"@id\":\"https:\/\/airex-energy.com\/fr\/#\/schema\/logo\/image\/\"},\"sameAs\":[\"https:\/\/ca.linkedin.com\/company\/airex-energy\"]},{\"@type\":\"Person\",\"@id\":\"https:\/\/airex-energy.com\/fr\/#\/schema\/person\/33f8193032b92f65d636d27d0b3c1723\",\"name\":\"gchartrand@airex-energie.com\"}]}<\/script>\n<!-- \/ Yoast SEO plugin. -->","yoast_head_json":{"title":"Nomination : Philippe Cantin rejoint Airex \u00c9nergie \u00e0 titre de Chef de la direction financi\u00e8re - Airex Energy","robots":{"index":"index","follow":"follow","max-snippet":"max-snippet:-1","max-image-preview":"max-image-preview:large","max-video-preview":"max-video-preview:-1"},"canonical":"https:\/\/airex-energy.com\/fr\/nomination-philippe-cantin-rejoint-airex-energie-a-titre-de-chef-de-la-direction-financiere\/","og_locale":"fr_FR","og_type":"article","og_title":"Nomination : Philippe Cantin rejoint Airex \u00c9nergie \u00e0 titre de Chef de la direction financi\u00e8re - Airex Energy","og_description":"Airex \u00c9nergie est fi\u00e8re d\u2019annoncer la nomination de Philippe Cantin au sein de son \u00e9quipe de direction. Philippe prendra le r\u00f4le de Chef de la direction financi\u00e8re suite au d\u00e9part \u00e0 la retraite de son pr\u00e9d\u00e9cesseur, Luc Veilleux. Avant de se joindre \u00e0 Airex \u00c9nergie, Philippe a pass\u00e9 plus de huit ans chez Enerkem comme [&hellip;]","og_url":"https:\/\/airex-energy.com\/fr\/nomination-philippe-cantin-rejoint-airex-energie-a-titre-de-chef-de-la-direction-financiere\/","og_site_name":"Airex Energy","article_published_time":"2025-10-02T18:29:10+00:00","article_modified_time":"2025-10-02T19:58:17+00:00","og_image":[{"width":1200,"height":630,"url":"https:\/\/airex-energy.com\/wp-content\/uploads\/2022\/12\/OG-Image.jpg","type":"image\/jpeg"}],"author":"gchartrand@airex-energie.com","twitter_card":"summary_large_image","schema":{"@context":"https:\/\/schema.org","@graph":[{"@type":"Article","@id":"https:\/\/airex-energy.com\/fr\/nomination-philippe-cantin-rejoint-airex-energie-a-titre-de-chef-de-la-direction-financiere\/#article","isPartOf":{"@id":"https:\/\/airex-energy.com\/fr\/nomination-philippe-cantin-rejoint-airex-energie-a-titre-de-chef-de-la-direction-financiere\/"},"author":{"name":"gchartrand@airex-energie.com","@id":"https:\/\/airex-energy.com\/fr\/#\/schema\/person\/33f8193032b92f65d636d27d0b3c1723"},"headline":"Nomination : Philippe Cantin rejoint Airex \u00c9nergie \u00e0 titre de Chef de la direction financi\u00e8re","datePublished":"2025-10-02T18:29:10+00:00","dateModified":"2025-10-02T19:58:17+00:00","mainEntityOfPage":{"@id":"https:\/\/airex-energy.com\/fr\/nomination-philippe-cantin-rejoint-airex-energie-a-titre-de-chef-de-la-direction-financiere\/"},"wordCount":301,"publisher":{"@id":"https:\/\/airex-energy.com\/fr\/#organization"},"articleSection":["Non classifi\u00e9(e)"],"inLanguage":"fr-FR"},{"@type":"WebPage","@id":"https:\/\/airex-energy.com\/fr\/nomination-philippe-cantin-rejoint-airex-energie-a-titre-de-chef-de-la-direction-financiere\/","url":"https:\/\/airex-energy.com\/fr\/nomination-philippe-cantin-rejoint-airex-energie-a-titre-de-chef-de-la-direction-financiere\/","name":"Nomination : Philippe Cantin rejoint Airex \u00c9nergie \u00e0 titre de Chef de la direction financi\u00e8re - Airex Energy","isPartOf":{"@id":"https:\/\/airex-energy.com\/fr\/#website"},"datePublished":"2025-10-02T18:29:10+00:00","dateModified":"2025-10-02T19:58:17+00:00","breadcrumb":{"@id":"https:\/\/airex-energy.com\/fr\/nomination-philippe-cantin-rejoint-airex-energie-a-titre-de-chef-de-la-direction-financiere\/#breadcrumb"},"inLanguage":"fr-FR","potentialAction":[{"@type":"ReadAction","target":["https:\/\/airex-energy.com\/fr\/nomination-philippe-cantin-rejoint-airex-energie-a-titre-de-chef-de-la-direction-financiere\/"]}]},{"@type":"BreadcrumbList","@id":"https:\/\/airex-energy.com\/fr\/nomination-philippe-cantin-rejoint-airex-energie-a-titre-de-chef-de-la-direction-financiere\/#breadcrumb","itemListElement":[{"@type":"ListItem","position":1,"name":"Home","item":"https:\/\/airex-energy.com\/fr\/"},{"@type":"ListItem","position":2,"name":"Nomination : Philippe Cantin rejoint Airex \u00c9nergie \u00e0 titre de Chef de la direction financi\u00e8re"}]},{"@type":"WebSite","@id":"https:\/\/airex-energy.com\/fr\/#website","url":"https:\/\/airex-energy.com\/fr\/","name":"Airex Energy","description":"","publisher":{"@id":"https:\/\/airex-energy.com\/fr\/#organization"},"potentialAction":[{"@type":"SearchAction","target":{"@type":"EntryPoint","urlTemplate":"https:\/\/airex-energy.com\/fr\/?s={search_term_string}"},"query-input":{"@type":"PropertyValueSpecification","valueRequired":true,"valueName":"search_term_string"}}],"inLanguage":"fr-FR"},{"@type":"Organization","@id":"https:\/\/airex-energy.com\/fr\/#organization","name":"Airex Energy","url":"https:\/\/airex-energy.com\/fr\/","logo":{"@type":"ImageObject","inLanguage":"fr-FR","@id":"https:\/\/airex-energy.com\/fr\/#\/schema\/logo\/image\/","url":"https:\/\/airex-energy.com\/wp-content\/uploads\/2023\/06\/LOGO_Airex_WhiteBG.svg","contentUrl":"https:\/\/airex-energy.com\/wp-content\/uploads\/2023\/06\/LOGO_Airex_WhiteBG.svg","width":1,"height":1,"caption":"Airex Energy"},"image":{"@id":"https:\/\/airex-energy.com\/fr\/#\/schema\/logo\/image\/"},"sameAs":["https:\/\/ca.linkedin.com\/company\/airex-energy"]},{"@type":"Person","@id":"https:\/\/airex-energy.com\/fr\/#\/schema\/person\/33f8193032b92f65d636d27d0b3c1723","name":"gchartrand@airex-energie.com"}]}},"_links":{"self":[{"href":"https:\/\/airex-energy.com\/fr\/wp-json\/wp\/v2\/posts\/6967","targetHints":{"allow":["GET"]}}],"collection":[{"href":"https:\/\/airex-energy.com\/fr\/wp-json\/wp\/v2\/posts"}],"about":[{"href":"https:\/\/airex-energy.com\/fr\/wp-json\/wp\/v2\/types\/post"}],"author":[{"embeddable":true,"href":"https:\/\/airex-energy.com\/fr\/wp-json\/wp\/v2\/users\/14"}],"replies":[{"embeddable":true,"href":"https:\/\/airex-energy.com\/fr\/wp-json\/wp\/v2\/comments?post=6967"}],"version-history":[{"count":17,"href":"https:\/\/airex-energy.com\/fr\/wp-json\/wp\/v2\/posts\/6967\/revisions"}],"predecessor-version":[{"id":7090,"href":"https:\/\/airex-energy.com\/fr\/wp-json\/wp\/v2\/posts\/6967\/revisions\/7090"}],"wp:attachment":[{"href":"https:\/\/airex-energy.com\/fr\/wp-json\/wp\/v2\/media?parent=6967"}],"wp:term":[{"taxonomy":"category","embeddable":true,"href":"https:\/\/airex-energy.com\/fr\/wp-json\/wp\/v2\/categories?post=6967"},{"taxonomy":"post_tag","embeddable":true,"href":"https:\/\/airex-energy.com\/fr\/wp-json\/wp\/v2\/tags?post=6967"}],"curies":[{"name":"wp","href":"https:\/\/api.w.org\/{rel}","templated":true}]}}