{"id":4161,"date":"2022-05-01T08:53:37","date_gmt":"2022-05-01T12:53:37","guid":{"rendered":"https:\/\/airex-energy.com\/?p=4161"},"modified":"2023-03-10T16:15:21","modified_gmt":"2023-03-10T21:15:21","slug":"michel-gagnon-prend-les-renes-dairex-energie","status":"publish","type":"post","link":"https:\/\/airex-energy.com\/fr\/michel-gagnon-prend-les-renes-dairex-energie\/","title":{"rendered":"Michel Gagnon prend les r\u00eanes d\u2019Airex \u00c9nergie"},"content":{"rendered":"<p><span data-contrast=\"none\">Airex \u00c9nergie annonce la nomination de Michel Gagnon \u00e0 titre de chef de la direction. L\u2019entreprise <\/span><span data-contrast=\"auto\">pourra compter sur son leadership, son expertise financi\u00e8re en d\u00e9veloppement de projets majeurs et son habilet\u00e9 hors pair \u00e0 d\u00e9velopper et entretenir des partenariats durables pour l\u2019ensemble des parties prenantes. <\/span><span data-contrast=\"none\">Cette nomination intervient \u00e0 un moment cl\u00e9 pour Airex \u00c9nergie qui connait une croissance importante de la demande pour ses solutions innovantes de d\u00e9carbonation ici et \u00e0 l\u2019\u00e9tranger. <\/span><\/p>\n<p><span data-contrast=\"auto\">Michel Gagnon cumule plus de 35 ans d\u2019exp\u00e9rience dans des r\u00f4les ex\u00e9cutifs au sein de l\u2019industrie des m\u00e9taux l\u00e9gers et de l\u2019\u00e9nergie.<\/span><span data-contrast=\"none\"> Au cours de sa carri\u00e8re, il <\/span><span data-contrast=\"auto\">a assum\u00e9 le r\u00f4le de vice-pr\u00e9sident, finance et d\u00e9veloppement d\u2019affaires chez Aluminerie Alouette avant de devenir pr\u00e9sident chez <\/span><span data-contrast=\"none\">GNL Qu\u00e9bec, puis, plus r\u00e9cemment, chef de la direction d\u2019Alliance Magn\u00e9sium. De plus, il a su d\u00e9velopper et entretenir de solides relations \u00e0 long terme avec des p<\/span><span data-contrast=\"none\">artenaires internationaux.<\/span><span data-ccp-props=\"{&quot;335559685&quot;:0,&quot;335559739&quot;:200}\">\u00a0<\/span><\/p>\n<blockquote><p><span data-contrast=\"none\">\u00ab Je suis ravi de rejoindre Airex \u00c9nergie en tant que chef de la direction \u00bb, a d\u00e9clar\u00e9 Michel Gagnon. \u00ab <\/span><span data-contrast=\"none\">C&rsquo;est une entreprise qui pr\u00e9sente un potentiel immense pour doter les industriels de solutions de d\u00e9carbonation et lutter contre les changements climatiques. Le biochar, produit gr\u00e2ce \u00e0 la technologie d\u2019Airex \u00c9nergie, a clairement un potentiel \u00e9norme pour la soci\u00e9t\u00e9 en raison de sa grande capacit\u00e9 \u00e0 s\u00e9questrer le carbone. Je<\/span><span data-contrast=\"none\"> suis impatient de travailler avec l&rsquo;\u00e9quipe et son conseil d\u2019administration pour amener l\u2019entreprise encore plus loin. \u00bb<\/span><span data-ccp-props=\"{&quot;335559739&quot;:200}\">\u00a0<\/span><\/p><\/blockquote>\n<p><span data-contrast=\"none\">Reconnu par ses pai<\/span><span data-contrast=\"auto\">rs, Michel a re\u00e7u en 2012 le prix \u00ab CFO of the year \u00bb dans la cat\u00e9gorie secteur priv\u00e9 remis par la section du Qu\u00e9bec de Financial Executives International. Il est \u00e9galement membre de l\u2019Institute of Corporate Directors.<\/span><\/p>\n","protected":false},"excerpt":{"rendered":"<p>Airex \u00c9nergie annonce la nomination de Michel Gagnon \u00e0 titre de chef de la direction. L\u2019entreprise pourra compter sur son leadership, son expertise financi\u00e8re en d\u00e9veloppement de projets majeurs et son habilet\u00e9 hors pair \u00e0 d\u00e9velopper et entretenir des partenariats durables pour l\u2019ensemble des parties prenantes. Cette nomination intervient \u00e0 un moment cl\u00e9 pour Airex [&hellip;]<\/p>\n","protected":false},"author":3,"featured_media":0,"comment_status":"closed","ping_status":"closed","sticky":false,"template":"","format":"standard","meta":{"_acf_changed":false,"footnotes":""},"categories":[7],"tags":[],"class_list":["post-4161","post","type-post","status-publish","format-standard","hentry","category-non-classifiee"],"acf":[],"yoast_head":"<!-- This site is optimized with the Yoast SEO plugin v27.2 - https:\/\/yoast.com\/product\/yoast-seo-wordpress\/ -->\n<title>Michel Gagnon prend les r\u00eanes d\u2019Airex \u00c9nergie - Airex Energy<\/title>\n<meta name=\"robots\" content=\"index, follow, max-snippet:-1, max-image-preview:large, max-video-preview:-1\" \/>\n<link rel=\"canonical\" href=\"https:\/\/airex-energy.com\/fr\/michel-gagnon-prend-les-renes-dairex-energie\/\" \/>\n<meta property=\"og:locale\" content=\"fr_FR\" \/>\n<meta property=\"og:type\" content=\"article\" \/>\n<meta property=\"og:title\" content=\"Michel Gagnon prend les r\u00eanes d\u2019Airex \u00c9nergie - Airex Energy\" \/>\n<meta property=\"og:description\" content=\"Airex \u00c9nergie annonce la nomination de Michel Gagnon \u00e0 titre de chef de la direction. L\u2019entreprise pourra compter sur son leadership, son expertise financi\u00e8re en d\u00e9veloppement de projets majeurs et son habilet\u00e9 hors pair \u00e0 d\u00e9velopper et entretenir des partenariats durables pour l\u2019ensemble des parties prenantes. Cette nomination intervient \u00e0 un moment cl\u00e9 pour Airex [&hellip;]\" \/>\n<meta property=\"og:url\" content=\"https:\/\/airex-energy.com\/fr\/michel-gagnon-prend-les-renes-dairex-energie\/\" \/>\n<meta property=\"og:site_name\" content=\"Airex Energy\" \/>\n<meta property=\"article:published_time\" content=\"2022-05-01T12:53:37+00:00\" \/>\n<meta property=\"article:modified_time\" content=\"2023-03-10T21:15:21+00:00\" \/>\n<meta property=\"og:image\" content=\"https:\/\/airex-energy.com\/wp-content\/uploads\/2022\/12\/OG-Image.jpg\" \/>\n\t<meta property=\"og:image:width\" content=\"1200\" \/>\n\t<meta property=\"og:image:height\" content=\"630\" \/>\n\t<meta property=\"og:image:type\" content=\"image\/jpeg\" \/>\n<meta name=\"author\" content=\"airex\" \/>\n<meta name=\"twitter:card\" content=\"summary_large_image\" \/>\n<script type=\"application\/ld+json\" class=\"yoast-schema-graph\">{\"@context\":\"https:\/\/schema.org\",\"@graph\":[{\"@type\":\"Article\",\"@id\":\"https:\/\/airex-energy.com\/fr\/michel-gagnon-prend-les-renes-dairex-energie\/#article\",\"isPartOf\":{\"@id\":\"https:\/\/airex-energy.com\/fr\/michel-gagnon-prend-les-renes-dairex-energie\/\"},\"author\":{\"name\":\"airex\",\"@id\":\"https:\/\/airex-energy.com\/fr\/#\/schema\/person\/1e56f1695729ec33ba83887f9b64041c\"},\"headline\":\"Michel Gagnon prend les r\u00eanes d\u2019Airex \u00c9nergie\",\"datePublished\":\"2022-05-01T12:53:37+00:00\",\"dateModified\":\"2023-03-10T21:15:21+00:00\",\"mainEntityOfPage\":{\"@id\":\"https:\/\/airex-energy.com\/fr\/michel-gagnon-prend-les-renes-dairex-energie\/\"},\"wordCount\":315,\"publisher\":{\"@id\":\"https:\/\/airex-energy.com\/fr\/#organization\"},\"articleSection\":[\"Non classifi\u00e9(e)\"],\"inLanguage\":\"fr-FR\"},{\"@type\":\"WebPage\",\"@id\":\"https:\/\/airex-energy.com\/fr\/michel-gagnon-prend-les-renes-dairex-energie\/\",\"url\":\"https:\/\/airex-energy.com\/fr\/michel-gagnon-prend-les-renes-dairex-energie\/\",\"name\":\"Michel Gagnon prend les r\u00eanes d\u2019Airex \u00c9nergie - Airex Energy\",\"isPartOf\":{\"@id\":\"https:\/\/airex-energy.com\/fr\/#website\"},\"datePublished\":\"2022-05-01T12:53:37+00:00\",\"dateModified\":\"2023-03-10T21:15:21+00:00\",\"breadcrumb\":{\"@id\":\"https:\/\/airex-energy.com\/fr\/michel-gagnon-prend-les-renes-dairex-energie\/#breadcrumb\"},\"inLanguage\":\"fr-FR\",\"potentialAction\":[{\"@type\":\"ReadAction\",\"target\":[\"https:\/\/airex-energy.com\/fr\/michel-gagnon-prend-les-renes-dairex-energie\/\"]}]},{\"@type\":\"BreadcrumbList\",\"@id\":\"https:\/\/airex-energy.com\/fr\/michel-gagnon-prend-les-renes-dairex-energie\/#breadcrumb\",\"itemListElement\":[{\"@type\":\"ListItem\",\"position\":1,\"name\":\"Home\",\"item\":\"https:\/\/airex-energy.com\/fr\/\"},{\"@type\":\"ListItem\",\"position\":2,\"name\":\"Michel Gagnon prend les r\u00eanes d\u2019Airex \u00c9nergie\"}]},{\"@type\":\"WebSite\",\"@id\":\"https:\/\/airex-energy.com\/fr\/#website\",\"url\":\"https:\/\/airex-energy.com\/fr\/\",\"name\":\"Airex Energy\",\"description\":\"\",\"publisher\":{\"@id\":\"https:\/\/airex-energy.com\/fr\/#organization\"},\"potentialAction\":[{\"@type\":\"SearchAction\",\"target\":{\"@type\":\"EntryPoint\",\"urlTemplate\":\"https:\/\/airex-energy.com\/fr\/?s={search_term_string}\"},\"query-input\":{\"@type\":\"PropertyValueSpecification\",\"valueRequired\":true,\"valueName\":\"search_term_string\"}}],\"inLanguage\":\"fr-FR\"},{\"@type\":\"Organization\",\"@id\":\"https:\/\/airex-energy.com\/fr\/#organization\",\"name\":\"Airex Energy\",\"url\":\"https:\/\/airex-energy.com\/fr\/\",\"logo\":{\"@type\":\"ImageObject\",\"inLanguage\":\"fr-FR\",\"@id\":\"https:\/\/airex-energy.com\/fr\/#\/schema\/logo\/image\/\",\"url\":\"https:\/\/airex-energy.com\/wp-content\/uploads\/2023\/06\/LOGO_Airex_WhiteBG.svg\",\"contentUrl\":\"https:\/\/airex-energy.com\/wp-content\/uploads\/2023\/06\/LOGO_Airex_WhiteBG.svg\",\"width\":1,\"height\":1,\"caption\":\"Airex Energy\"},\"image\":{\"@id\":\"https:\/\/airex-energy.com\/fr\/#\/schema\/logo\/image\/\"},\"sameAs\":[\"https:\/\/ca.linkedin.com\/company\/airex-energy\"]},{\"@type\":\"Person\",\"@id\":\"https:\/\/airex-energy.com\/fr\/#\/schema\/person\/1e56f1695729ec33ba83887f9b64041c\",\"name\":\"airex\"}]}<\/script>\n<!-- \/ Yoast SEO plugin. -->","yoast_head_json":{"title":"Michel Gagnon prend les r\u00eanes d\u2019Airex \u00c9nergie - Airex Energy","robots":{"index":"index","follow":"follow","max-snippet":"max-snippet:-1","max-image-preview":"max-image-preview:large","max-video-preview":"max-video-preview:-1"},"canonical":"https:\/\/airex-energy.com\/fr\/michel-gagnon-prend-les-renes-dairex-energie\/","og_locale":"fr_FR","og_type":"article","og_title":"Michel Gagnon prend les r\u00eanes d\u2019Airex \u00c9nergie - Airex Energy","og_description":"Airex \u00c9nergie annonce la nomination de Michel Gagnon \u00e0 titre de chef de la direction. L\u2019entreprise pourra compter sur son leadership, son expertise financi\u00e8re en d\u00e9veloppement de projets majeurs et son habilet\u00e9 hors pair \u00e0 d\u00e9velopper et entretenir des partenariats durables pour l\u2019ensemble des parties prenantes. Cette nomination intervient \u00e0 un moment cl\u00e9 pour Airex [&hellip;]","og_url":"https:\/\/airex-energy.com\/fr\/michel-gagnon-prend-les-renes-dairex-energie\/","og_site_name":"Airex Energy","article_published_time":"2022-05-01T12:53:37+00:00","article_modified_time":"2023-03-10T21:15:21+00:00","og_image":[{"width":1200,"height":630,"url":"https:\/\/airex-energy.com\/wp-content\/uploads\/2022\/12\/OG-Image.jpg","type":"image\/jpeg"}],"author":"airex","twitter_card":"summary_large_image","schema":{"@context":"https:\/\/schema.org","@graph":[{"@type":"Article","@id":"https:\/\/airex-energy.com\/fr\/michel-gagnon-prend-les-renes-dairex-energie\/#article","isPartOf":{"@id":"https:\/\/airex-energy.com\/fr\/michel-gagnon-prend-les-renes-dairex-energie\/"},"author":{"name":"airex","@id":"https:\/\/airex-energy.com\/fr\/#\/schema\/person\/1e56f1695729ec33ba83887f9b64041c"},"headline":"Michel Gagnon prend les r\u00eanes d\u2019Airex \u00c9nergie","datePublished":"2022-05-01T12:53:37+00:00","dateModified":"2023-03-10T21:15:21+00:00","mainEntityOfPage":{"@id":"https:\/\/airex-energy.com\/fr\/michel-gagnon-prend-les-renes-dairex-energie\/"},"wordCount":315,"publisher":{"@id":"https:\/\/airex-energy.com\/fr\/#organization"},"articleSection":["Non classifi\u00e9(e)"],"inLanguage":"fr-FR"},{"@type":"WebPage","@id":"https:\/\/airex-energy.com\/fr\/michel-gagnon-prend-les-renes-dairex-energie\/","url":"https:\/\/airex-energy.com\/fr\/michel-gagnon-prend-les-renes-dairex-energie\/","name":"Michel Gagnon prend les r\u00eanes d\u2019Airex \u00c9nergie - Airex Energy","isPartOf":{"@id":"https:\/\/airex-energy.com\/fr\/#website"},"datePublished":"2022-05-01T12:53:37+00:00","dateModified":"2023-03-10T21:15:21+00:00","breadcrumb":{"@id":"https:\/\/airex-energy.com\/fr\/michel-gagnon-prend-les-renes-dairex-energie\/#breadcrumb"},"inLanguage":"fr-FR","potentialAction":[{"@type":"ReadAction","target":["https:\/\/airex-energy.com\/fr\/michel-gagnon-prend-les-renes-dairex-energie\/"]}]},{"@type":"BreadcrumbList","@id":"https:\/\/airex-energy.com\/fr\/michel-gagnon-prend-les-renes-dairex-energie\/#breadcrumb","itemListElement":[{"@type":"ListItem","position":1,"name":"Home","item":"https:\/\/airex-energy.com\/fr\/"},{"@type":"ListItem","position":2,"name":"Michel Gagnon prend les r\u00eanes d\u2019Airex \u00c9nergie"}]},{"@type":"WebSite","@id":"https:\/\/airex-energy.com\/fr\/#website","url":"https:\/\/airex-energy.com\/fr\/","name":"Airex Energy","description":"","publisher":{"@id":"https:\/\/airex-energy.com\/fr\/#organization"},"potentialAction":[{"@type":"SearchAction","target":{"@type":"EntryPoint","urlTemplate":"https:\/\/airex-energy.com\/fr\/?s={search_term_string}"},"query-input":{"@type":"PropertyValueSpecification","valueRequired":true,"valueName":"search_term_string"}}],"inLanguage":"fr-FR"},{"@type":"Organization","@id":"https:\/\/airex-energy.com\/fr\/#organization","name":"Airex Energy","url":"https:\/\/airex-energy.com\/fr\/","logo":{"@type":"ImageObject","inLanguage":"fr-FR","@id":"https:\/\/airex-energy.com\/fr\/#\/schema\/logo\/image\/","url":"https:\/\/airex-energy.com\/wp-content\/uploads\/2023\/06\/LOGO_Airex_WhiteBG.svg","contentUrl":"https:\/\/airex-energy.com\/wp-content\/uploads\/2023\/06\/LOGO_Airex_WhiteBG.svg","width":1,"height":1,"caption":"Airex Energy"},"image":{"@id":"https:\/\/airex-energy.com\/fr\/#\/schema\/logo\/image\/"},"sameAs":["https:\/\/ca.linkedin.com\/company\/airex-energy"]},{"@type":"Person","@id":"https:\/\/airex-energy.com\/fr\/#\/schema\/person\/1e56f1695729ec33ba83887f9b64041c","name":"airex"}]}},"_links":{"self":[{"href":"https:\/\/airex-energy.com\/fr\/wp-json\/wp\/v2\/posts\/4161","targetHints":{"allow":["GET"]}}],"collection":[{"href":"https:\/\/airex-energy.com\/fr\/wp-json\/wp\/v2\/posts"}],"about":[{"href":"https:\/\/airex-energy.com\/fr\/wp-json\/wp\/v2\/types\/post"}],"author":[{"embeddable":true,"href":"https:\/\/airex-energy.com\/fr\/wp-json\/wp\/v2\/users\/3"}],"replies":[{"embeddable":true,"href":"https:\/\/airex-energy.com\/fr\/wp-json\/wp\/v2\/comments?post=4161"}],"version-history":[{"count":17,"href":"https:\/\/airex-energy.com\/fr\/wp-json\/wp\/v2\/posts\/4161\/revisions"}],"predecessor-version":[{"id":4195,"href":"https:\/\/airex-energy.com\/fr\/wp-json\/wp\/v2\/posts\/4161\/revisions\/4195"}],"wp:attachment":[{"href":"https:\/\/airex-energy.com\/fr\/wp-json\/wp\/v2\/media?parent=4161"}],"wp:term":[{"taxonomy":"category","embeddable":true,"href":"https:\/\/airex-energy.com\/fr\/wp-json\/wp\/v2\/categories?post=4161"},{"taxonomy":"post_tag","embeddable":true,"href":"https:\/\/airex-energy.com\/fr\/wp-json\/wp\/v2\/tags?post=4161"}],"curies":[{"name":"wp","href":"https:\/\/api.w.org\/{rel}","templated":true}]}}